{"id":410,"date":"2022-02-06T12:32:30","date_gmt":"2022-02-06T12:32:30","guid":{"rendered":"http:\/\/szmydcoaching.com\/?p=410"},"modified":"2022-02-06T12:32:31","modified_gmt":"2022-02-06T12:32:31","slug":"bora-hansgrohe-sezon-2022","status":"publish","type":"post","link":"http:\/\/szmydcoaching.com\/?p=410","title":{"rendered":"Bora Hansgrohe &#8211; sezon 2022."},"content":{"rendered":"\n<p>Ca\u0142kiem inna dru\u017cyna od tej z lat poprzednich. Du\u017co nowych zawodnik\u00f3w, czterech nowych dyrektor\u00f3w sportowych, wielu nowych masa\u017cyst\u00f3w i mechanik\u00f3w a tak\u017ce os\u00f3b w biurze. Jedynie performance team bez zmian.<\/p>\n\n\n\n<p><br>Ostatnie pi\u0119\u0107 lat dru\u017cyna by\u0142a skoncentrowana w oko\u0142o Petera, teraz celem sta\u0142o si\u0119 zwyci\u0119stwo w Wielkim Tourze w kolejnych latach. Cele ambitne ale lepiej celowa\u0107 najwy\u017cej jak si\u0119 da, te\u017c jestem tego zdania.<\/p>\n\n\n\n<p><br>Dla mnie r\u00f3wnie\u017c du\u017co wi\u0119cej obowi\u0105zk\u00f3w, wyzwa\u0144, odpowiedzialno\u015bci. Moja rezygnacja z funkcji Selekcjonera Kadry by\u0142a spowodowana w\u0142a\u015bnie wi\u0119ksz\u0105 odpowiedzialno\u015bci za wynik kolarzy ni\u017c dotychczas, plus TdF i Vuelta w moim planie startowym.<\/p>\n\n\n\n<p>Ci\u0119\u017cko by\u0107 na TdF i my\u015ble\u0107 o sk\u0142adzie kadry na TdP czy te\u017c gdzie i od kogo wynaj\u0105\u0107 kampera czy ci\u0119\u017car\u00f3wk\u0119. Wole robi\u0107 jedno a dobrze tym bardziej, \u017ce funkcja selekcjonera jest i presti\u017cowa i odpowiedzialna i nie mo\u017ce by\u0107 wykonywana w doskoku.<\/p>\n\n\n\n<p><br>W tym sezonie w dru\u017cynie mam siedmiu kolarzy, pi\u0119ciu nowych. Jak by kto\u015b chcia\u0142 w specjalny spos\u00f3b kibicowa\u0107 moim zawodnikom kt\u00f3rych przygotowuje do sezonu to s\u0105 to: kolarze z poprzedniego sezonu, Gio Aleotti i Matteo Fabbro, stary bywalec w Borze ale dla mnie nowy kolarz, Czarek Benedetti, klasykowcy Danny Van Poppel i Ryan Mullen oraz g\u00f3rale Sergio Higuita i Alex Vlasov.<\/p>\n\n\n\n<p><br>No i nie ukrywam, \u017ce jestem bardzo zadowolony, \u017ce m\u00f3j zawodnik wygrywa pierwszy wy\u015bcig dla Bory. Po drugim miejscu Sachy na Velncianie \u015bmia\u0142em si\u0119 do niego, \u017ce zacz\u0105\u0142 odliczanie b\u0119d\u0105c na Majorce trzeci, teraz drugi tak wiec kolejne miejsce b\u0119dzie\u2026 no i wykraka\u0142em. Podobnie zreszt\u0105 Danny w Saudi zaskakuje wszystkich, jest niesamowity.<\/p>\n\n\n\n<p>Po blisko trzech miesi\u0105cach pracy z nowymi zawodnikami musz\u0119 powiedzie\u0107, \u017ce mam fajn\u0105 ekip\u0119 i b\u0119dzie mi si\u0119 z nimi dobrze wsp\u00f3\u0142pracowa\u0107. No i byle za tym sz\u0142y wyniki. Po zgrupowaniu na Majorce czeka mnie teraz zgrupowanie wysokog\u00f3rskie w Sierra Nevada w marcu.<\/p>\n\n\n\n<p>foto: Bora Hansgrohe<\/p>\n","protected":false},"excerpt":{"rendered":"<p>Ca\u0142kiem inna dru\u017cyna od tej z lat poprzednich. Du\u017co nowych zawodnik\u00f3w, czterech nowych dyrektor\u00f3w sportowych, wielu nowych masa\u017cyst\u00f3w i mechanik\u00f3w a tak\u017ce os\u00f3b w biurze. Jedynie performance team bez zmian. Ostatnie pi\u0119\u0107 lat dru\u017cyna by\u0142a skoncentrowana w oko\u0142o Petera, teraz celem sta\u0142o si\u0119 zwyci\u0119stwo w Wielkim Tourze w kolejnych latach. Cele ambitne ale lepiej celowa\u0107 [&hellip;]<\/p>\n","protected":false},"author":1,"featured_media":412,"comment_status":"closed","ping_status":"closed","sticky":false,"template":"","format":"standard","meta":{"ngg_post_thumbnail":0,"jetpack_post_was_ever_published":false,"_jetpack_newsletter_access":"","_jetpack_dont_email_post_to_subs":false,"_jetpack_newsletter_tier_id":0,"_jetpack_memberships_contains_paywalled_content":false,"_jetpack_memberships_contains_paid_content":false,"footnotes":"","jetpack_publicize_message":"","jetpack_publicize_feature_enabled":true,"jetpack_social_post_already_shared":true,"jetpack_social_options":{"image_generator_settings":{"template":"highway","enabled":false},"version":2}},"categories":[11,16,6,13],"tags":[],"class_list":["post-410","post","type-post","status-publish","format-standard","has-post-thumbnail","hentry","category-aktualnosci","category-bora-hansgrohe","category-trening","category-wyscigi"],"jetpack_publicize_connections":[],"jetpack_featured_media_url":"https:\/\/i0.wp.com\/szmydcoaching.com\/wp-content\/uploads\/2022\/02\/273358476_5115570381840434_9012939437032862052_n.jpg?fit=2000%2C1331","jetpack_sharing_enabled":true,"jetpack_shortlink":"https:\/\/wp.me\/p89kKh-6C","jetpack-related-posts":[],"_links":{"self":[{"href":"http:\/\/szmydcoaching.com\/index.php?rest_route=\/wp\/v2\/posts\/410","targetHints":{"allow":["GET"]}}],"collection":[{"href":"http:\/\/szmydcoaching.com\/index.php?rest_route=\/wp\/v2\/posts"}],"about":[{"href":"http:\/\/szmydcoaching.com\/index.php?rest_route=\/wp\/v2\/types\/post"}],"author":[{"embeddable":true,"href":"http:\/\/szmydcoaching.com\/index.php?rest_route=\/wp\/v2\/users\/1"}],"replies":[{"embeddable":true,"href":"http:\/\/szmydcoaching.com\/index.php?rest_route=%2Fwp%2Fv2%2Fcomments&post=410"}],"version-history":[{"count":1,"href":"http:\/\/szmydcoaching.com\/index.php?rest_route=\/wp\/v2\/posts\/410\/revisions"}],"predecessor-version":[{"id":413,"href":"http:\/\/szmydcoaching.com\/index.php?rest_route=\/wp\/v2\/posts\/410\/revisions\/413"}],"wp:featuredmedia":[{"embeddable":true,"href":"http:\/\/szmydcoaching.com\/index.php?rest_route=\/wp\/v2\/media\/412"}],"wp:attachment":[{"href":"http:\/\/szmydcoaching.com\/index.php?rest_route=%2Fwp%2Fv2%2Fmedia&parent=410"}],"wp:term":[{"taxonomy":"category","embeddable":true,"href":"http:\/\/szmydcoaching.com\/index.php?rest_route=%2Fwp%2Fv2%2Fcategories&post=410"},{"taxonomy":"post_tag","embeddable":true,"href":"http:\/\/szmydcoaching.com\/index.php?rest_route=%2Fwp%2Fv2%2Ftags&post=410"}],"curies":[{"name":"wp","href":"https:\/\/api.w.org\/{rel}","templated":true}]}}